{"id":164,"count":2,"description":"<h3>El Sistema REG puede gestionare hasta 2 pantallas t\u00e1ctiles por cada installaci\u00f3n para facilitar el uso por parte del usuario!<\/h3>\n<h4>Hay disponibles dos modelos de pantalla:<\/h4>\n<ul>\n \t<li>\n<h4><span style=\"color: #000000\">REG-TFT: pantalla t\u00e1ctil a color<\/span><\/h4>\n<\/li>\n \t<li>\n<h4><span style=\"color: #000000\">REG-DOT-B: pantalla t\u00e1ctil a color con sensor de temperatura y humedad integrado y m\u00f3dulo WiFi incorporado<\/span><\/h4>\n<\/li>\n<\/ul>","link":"https:\/\/www.setecna.it\/es\/categoria-prodotto\/sistema-reg-es\/pantalla-tactil\/","name":"PANTALLA TACTIL","slug":"pantalla-tactil","taxonomy":"product_cat","parent":161,"meta":[],"yoast_head":"<!-- This site is optimized with the Yoast SEO plugin v19.13 - https:\/\/yoast.com\/wordpress\/plugins\/seo\/ -->\n<title>PANTALLA TACTIL - SETECNA EPC<\/title>\n<meta name=\"robots\" content=\"index, follow, max-snippet:-1, max-image-preview:large, max-video-preview:-1\" \/>\n<link rel=\"canonical\" href=\"https:\/\/www.setecna.it\/es\/categoria-prodotto\/sistema-reg-es\/pantalla-tactil\/\" \/>\n<meta property=\"og:locale\" content=\"es_ES\" \/>\n<meta property=\"og:type\" content=\"article\" \/>\n<meta property=\"og:title\" content=\"PANTALLA TACTIL - SETECNA EPC\" \/>\n<meta property=\"og:description\" content=\"El Sistema REG puede gestionare hasta 2 pantallas t\u00e1ctiles por cada installaci\u00f3n para facilitar el uso por parte del usuario! Hay disponibles dos modelos de pantalla:  REG-TFT: pantalla t\u00e1ctil a color  REG-DOT-B: pantalla t\u00e1ctil a color con sensor de temperatura y humedad integrado y m\u00f3dulo WiFi incorporado\" \/>\n<meta property=\"og:url\" content=\"https:\/\/www.setecna.it\/es\/categoria-prodotto\/sistema-reg-es\/pantalla-tactil\/\" \/>\n<meta property=\"og:site_name\" content=\"SETECNA EPC\" \/>\n<meta name=\"twitter:card\" content=\"summary_large_image\" \/>\n<script type=\"application\/ld+json\" class=\"yoast-schema-graph\">{\"@context\":\"https:\/\/schema.org\",\"@graph\":[{\"@type\":\"CollectionPage\",\"@id\":\"https:\/\/www.setecna.it\/es\/categoria-prodotto\/sistema-reg-es\/pantalla-tactil\/\",\"url\":\"https:\/\/www.setecna.it\/es\/categoria-prodotto\/sistema-reg-es\/pantalla-tactil\/\",\"name\":\"PANTALLA TACTIL - SETECNA EPC\",\"isPartOf\":{\"@id\":\"https:\/\/www.setecna.it\/#website\"},\"breadcrumb\":{\"@id\":\"https:\/\/www.setecna.it\/es\/categoria-prodotto\/sistema-reg-es\/pantalla-tactil\/#breadcrumb\"},\"inLanguage\":\"es\"},{\"@type\":\"BreadcrumbList\",\"@id\":\"https:\/\/www.setecna.it\/es\/categoria-prodotto\/sistema-reg-es\/pantalla-tactil\/#breadcrumb\",\"itemListElement\":[{\"@type\":\"ListItem\",\"position\":1,\"name\":\"Home\",\"item\":\"https:\/\/www.setecna.it\/es\/\"},{\"@type\":\"ListItem\",\"position\":2,\"name\":\"SISTEMA REG\",\"item\":\"https:\/\/www.setecna.it\/es\/categoria-prodotto\/sistema-reg-es\/\"},{\"@type\":\"ListItem\",\"position\":3,\"name\":\"PANTALLA TACTIL\"}]},{\"@type\":\"WebSite\",\"@id\":\"https:\/\/www.setecna.it\/#website\",\"url\":\"https:\/\/www.setecna.it\/\",\"name\":\"SETECNA EPC\",\"description\":\"Il benessere inizia anche da qui\",\"publisher\":{\"@id\":\"https:\/\/www.setecna.it\/#organization\"},\"potentialAction\":[{\"@type\":\"SearchAction\",\"target\":{\"@type\":\"EntryPoint\",\"urlTemplate\":\"https:\/\/www.setecna.it\/?s={search_term_string}\"},\"query-input\":\"required name=search_term_string\"}],\"inLanguage\":\"es\"},{\"@type\":\"Organization\",\"@id\":\"https:\/\/www.setecna.it\/#organization\",\"name\":\"Setecna EPC srl\",\"url\":\"https:\/\/www.setecna.it\/\",\"logo\":{\"@type\":\"ImageObject\",\"inLanguage\":\"es\",\"@id\":\"https:\/\/www.setecna.it\/#\/schema\/logo\/image\/\",\"url\":\"https:\/\/www.setecna.it\/wp-content\/uploads\/2022\/06\/cropped-cropped-Risorsa-3.png\",\"contentUrl\":\"https:\/\/www.setecna.it\/wp-content\/uploads\/2022\/06\/cropped-cropped-Risorsa-3.png\",\"width\":1864,\"height\":186,\"caption\":\"Setecna EPC srl\"},\"image\":{\"@id\":\"https:\/\/www.setecna.it\/#\/schema\/logo\/image\/\"}}]}<\/script>\n<!-- \/ Yoast SEO plugin. -->","yoast_head_json":{"title":"PANTALLA TACTIL - SETECNA EPC","robots":{"index":"index","follow":"follow","max-snippet":"max-snippet:-1","max-image-preview":"max-image-preview:large","max-video-preview":"max-video-preview:-1"},"canonical":"https:\/\/www.setecna.it\/es\/categoria-prodotto\/sistema-reg-es\/pantalla-tactil\/","og_locale":"es_ES","og_type":"article","og_title":"PANTALLA TACTIL - SETECNA EPC","og_description":"El Sistema REG puede gestionare hasta 2 pantallas t\u00e1ctiles por cada installaci\u00f3n para facilitar el uso por parte del usuario! Hay disponibles dos modelos de pantalla:  REG-TFT: pantalla t\u00e1ctil a color  REG-DOT-B: pantalla t\u00e1ctil a color con sensor de temperatura y humedad integrado y m\u00f3dulo WiFi incorporado","og_url":"https:\/\/www.setecna.it\/es\/categoria-prodotto\/sistema-reg-es\/pantalla-tactil\/","og_site_name":"SETECNA EPC","twitter_card":"summary_large_image","schema":{"@context":"https:\/\/schema.org","@graph":[{"@type":"CollectionPage","@id":"https:\/\/www.setecna.it\/es\/categoria-prodotto\/sistema-reg-es\/pantalla-tactil\/","url":"https:\/\/www.setecna.it\/es\/categoria-prodotto\/sistema-reg-es\/pantalla-tactil\/","name":"PANTALLA TACTIL - SETECNA EPC","isPartOf":{"@id":"https:\/\/www.setecna.it\/#website"},"breadcrumb":{"@id":"https:\/\/www.setecna.it\/es\/categoria-prodotto\/sistema-reg-es\/pantalla-tactil\/#breadcrumb"},"inLanguage":"es"},{"@type":"BreadcrumbList","@id":"https:\/\/www.setecna.it\/es\/categoria-prodotto\/sistema-reg-es\/pantalla-tactil\/#breadcrumb","itemListElement":[{"@type":"ListItem","position":1,"name":"Home","item":"https:\/\/www.setecna.it\/es\/"},{"@type":"ListItem","position":2,"name":"SISTEMA REG","item":"https:\/\/www.setecna.it\/es\/categoria-prodotto\/sistema-reg-es\/"},{"@type":"ListItem","position":3,"name":"PANTALLA TACTIL"}]},{"@type":"WebSite","@id":"https:\/\/www.setecna.it\/#website","url":"https:\/\/www.setecna.it\/","name":"SETECNA EPC","description":"Il benessere inizia anche da qui","publisher":{"@id":"https:\/\/www.setecna.it\/#organization"},"potentialAction":[{"@type":"SearchAction","target":{"@type":"EntryPoint","urlTemplate":"https:\/\/www.setecna.it\/?s={search_term_string}"},"query-input":"required name=search_term_string"}],"inLanguage":"es"},{"@type":"Organization","@id":"https:\/\/www.setecna.it\/#organization","name":"Setecna EPC srl","url":"https:\/\/www.setecna.it\/","logo":{"@type":"ImageObject","inLanguage":"es","@id":"https:\/\/www.setecna.it\/#\/schema\/logo\/image\/","url":"https:\/\/www.setecna.it\/wp-content\/uploads\/2022\/06\/cropped-cropped-Risorsa-3.png","contentUrl":"https:\/\/www.setecna.it\/wp-content\/uploads\/2022\/06\/cropped-cropped-Risorsa-3.png","width":1864,"height":186,"caption":"Setecna EPC srl"},"image":{"@id":"https:\/\/www.setecna.it\/#\/schema\/logo\/image\/"}}]}},"_links":{"self":[{"href":"https:\/\/www.setecna.it\/es\/wp-json\/wp\/v2\/product_cat\/164"}],"collection":[{"href":"https:\/\/www.setecna.it\/es\/wp-json\/wp\/v2\/product_cat"}],"about":[{"href":"https:\/\/www.setecna.it\/es\/wp-json\/wp\/v2\/taxonomies\/product_cat"}],"up":[{"embeddable":true,"href":"https:\/\/www.setecna.it\/es\/wp-json\/wp\/v2\/product_cat\/161"}],"wp:post_type":[{"href":"https:\/\/www.setecna.it\/es\/wp-json\/wp\/v2\/product?product_cat=164"}],"curies":[{"name":"wp","href":"https:\/\/api.w.org\/{rel}","templated":true}]}}